{"id":6011,"date":"2025-05-28T06:01:55","date_gmt":"2025-05-28T06:01:55","guid":{"rendered":"https:\/\/horizon.vipeau.com\/?p=6011"},"modified":"2025-05-28T06:01:57","modified_gmt":"2025-05-28T06:01:57","slug":"pourquoi-la-decentralisation-au-cameroun-ne-prend-pas-son-envol","status":"publish","type":"post","link":"https:\/\/lignesdhorizon.info\/?p=6011","title":{"rendered":"Pourquoi la d\u00e9centralisation au Cameroun ne prend pas son envol"},"content":{"rendered":"\n<p><em>Analyse critique d\u2019un processus rest\u00e9 au stade des intentions<\/em><\/p>\n\n\n\n<p>Plus de dix ans apr\u00e8s la promulgation des lois sur la d\u00e9centralisation, le bilan est amer. Si les mairies et conseils r\u00e9gionaux ont vu leurs pouvoirs th\u00e9oriquement \u00e9largis, dans les faits, la majorit\u00e9 des d\u00e9cisions strat\u00e9giques et des fonds restent concentr\u00e9s \u00e0 Yaound\u00e9.<\/p>\n\n\n\n<p>Les maires se plaignent du manque de transfert effectif des comp\u00e9tences. \u201cOn nous demande de g\u00e9rer les \u00e9coles, mais sans les budgets ad\u00e9quats ni la formation n\u00e9cessaire,\u201d explique un maire de l\u2019Adamaoua sous anonymat. Pire encore, certaines nominations \u00e0 la t\u00eate des conseils r\u00e9gionaux rel\u00e8vent davantage de la logique politique que de la comp\u00e9tence ou de l\u2019ancrage local. Le r\u00e9sultat ? Une d\u00e9sillusion croissante des citoyens qui esp\u00e9raient des am\u00e9liorations concr\u00e8tes dans leurs communes<\/p>\n","protected":false},"excerpt":{"rendered":"<p>Analyse critique d\u2019un processus rest\u00e9 au stade des intentions Plus de dix ans apr\u00e8s la promulgation des lois sur la d\u00e9centralisation, le bilan est amer. Si les mairies et conseils r\u00e9gionaux ont vu leurs pouvoirs th\u00e9oriquement \u00e9largis, dans les faits, la majorit\u00e9 des d\u00e9cisions strat\u00e9giques et des fonds restent concentr\u00e9s \u00e0 Yaound\u00e9. Les maires se<\/p>\n","protected":false},"author":1,"featured_media":6012,"comment_status":"open","ping_status":"open","sticky":false,"template":"","format":"standard","meta":{"footnotes":""},"categories":[45],"tags":[],"class_list":{"0":"post-6011","1":"post","2":"type-post","3":"status-publish","4":"format-standard","5":"has-post-thumbnail","7":"category-notre-avis"},"yoast_head":"<!-- This site is optimized with the Yoast SEO plugin v27.5 - https:\/\/yoast.com\/product\/yoast-seo-wordpress\/ -->\n<title>Pourquoi la d\u00e9centralisation au Cameroun ne prend pas son envol - LIGNES D&#039;HORIZON<\/title>\n<meta name=\"robots\" content=\"noindex, follow, max-snippet:-1, max-image-preview:large, max-video-preview:-1\" \/>\n<meta property=\"og:locale\" content=\"fr_FR\" \/>\n<meta property=\"og:type\" content=\"article\" \/>\n<meta property=\"og:title\" content=\"Pourquoi la d\u00e9centralisation au Cameroun ne prend pas son envol - LIGNES D&#039;HORIZON\" \/>\n<meta property=\"og:description\" content=\"Analyse critique d\u2019un processus rest\u00e9 au stade des intentions Plus de dix ans apr\u00e8s la promulgation des lois sur la d\u00e9centralisation, le bilan est amer. Si les mairies et conseils r\u00e9gionaux ont vu leurs pouvoirs th\u00e9oriquement \u00e9largis, dans les faits, la majorit\u00e9 des d\u00e9cisions strat\u00e9giques et des fonds restent concentr\u00e9s \u00e0 Yaound\u00e9. Les maires se\" \/>\n<meta property=\"og:url\" content=\"https:\/\/lignesdhorizon.info\/?p=6011\" \/>\n<meta property=\"og:site_name\" content=\"LIGNES D&#039;HORIZON\" \/>\n<meta property=\"article:published_time\" content=\"2025-05-28T06:01:55+00:00\" \/>\n<meta property=\"article:modified_time\" content=\"2025-05-28T06:01:57+00:00\" \/>\n<meta property=\"og:image\" content=\"https:\/\/lignesdhorizon.info\/wp-content\/uploads\/2025\/05\/decentralisation.jpg\" \/>\n\t<meta property=\"og:image:width\" content=\"246\" \/>\n\t<meta property=\"og:image:height\" content=\"148\" \/>\n\t<meta property=\"og:image:type\" content=\"image\/jpeg\" \/>\n<meta name=\"author\" content=\"admin\" \/>\n<meta name=\"twitter:card\" content=\"summary_large_image\" \/>\n<meta name=\"twitter:label1\" content=\"\u00c9crit par\" \/>\n\t<meta name=\"twitter:data1\" content=\"admin\" \/>\n\t<meta name=\"twitter:label2\" content=\"Dur\u00e9e de lecture estim\u00e9e\" \/>\n\t<meta name=\"twitter:data2\" content=\"1 minute\" \/>\n<script type=\"application\/ld+json\" class=\"yoast-schema-graph\">{\"@context\":\"https:\\\/\\\/schema.org\",\"@graph\":[{\"@type\":\"Article\",\"@id\":\"https:\\\/\\\/lignesdhorizon.info\\\/?p=6011#article\",\"isPartOf\":{\"@id\":\"https:\\\/\\\/lignesdhorizon.info\\\/?p=6011\"},\"author\":{\"name\":\"admin\",\"@id\":\"https:\\\/\\\/lignesdhorizon.info\\\/#\\\/schema\\\/person\\\/5a998e66920548ae47c4e55db5339381\"},\"headline\":\"Pourquoi la d\u00e9centralisation au Cameroun ne prend pas son envol\",\"datePublished\":\"2025-05-28T06:01:55+00:00\",\"dateModified\":\"2025-05-28T06:01:57+00:00\",\"mainEntityOfPage\":{\"@id\":\"https:\\\/\\\/lignesdhorizon.info\\\/?p=6011\"},\"wordCount\":157,\"commentCount\":0,\"image\":{\"@id\":\"https:\\\/\\\/lignesdhorizon.info\\\/?p=6011#primaryimage\"},\"thumbnailUrl\":\"https:\\\/\\\/lignesdhorizon.info\\\/wp-content\\\/uploads\\\/2025\\\/05\\\/decentralisation.jpg\",\"articleSection\":[\"Notre avis\"],\"inLanguage\":\"fr-FR\",\"potentialAction\":[{\"@type\":\"CommentAction\",\"name\":\"Comment\",\"target\":[\"https:\\\/\\\/lignesdhorizon.info\\\/?p=6011#respond\"]}]},{\"@type\":\"WebPage\",\"@id\":\"https:\\\/\\\/lignesdhorizon.info\\\/?p=6011\",\"url\":\"https:\\\/\\\/lignesdhorizon.info\\\/?p=6011\",\"name\":\"Pourquoi la d\u00e9centralisation au Cameroun ne prend pas son envol - LIGNES D&#039;HORIZON\",\"isPartOf\":{\"@id\":\"https:\\\/\\\/lignesdhorizon.info\\\/#website\"},\"primaryImageOfPage\":{\"@id\":\"https:\\\/\\\/lignesdhorizon.info\\\/?p=6011#primaryimage\"},\"image\":{\"@id\":\"https:\\\/\\\/lignesdhorizon.info\\\/?p=6011#primaryimage\"},\"thumbnailUrl\":\"https:\\\/\\\/lignesdhorizon.info\\\/wp-content\\\/uploads\\\/2025\\\/05\\\/decentralisation.jpg\",\"datePublished\":\"2025-05-28T06:01:55+00:00\",\"dateModified\":\"2025-05-28T06:01:57+00:00\",\"author\":{\"@id\":\"https:\\\/\\\/lignesdhorizon.info\\\/#\\\/schema\\\/person\\\/5a998e66920548ae47c4e55db5339381\"},\"breadcrumb\":{\"@id\":\"https:\\\/\\\/lignesdhorizon.info\\\/?p=6011#breadcrumb\"},\"inLanguage\":\"fr-FR\",\"potentialAction\":[{\"@type\":\"ReadAction\",\"target\":[\"https:\\\/\\\/lignesdhorizon.info\\\/?p=6011\"]}]},{\"@type\":\"ImageObject\",\"inLanguage\":\"fr-FR\",\"@id\":\"https:\\\/\\\/lignesdhorizon.info\\\/?p=6011#primaryimage\",\"url\":\"https:\\\/\\\/lignesdhorizon.info\\\/wp-content\\\/uploads\\\/2025\\\/05\\\/decentralisation.jpg\",\"contentUrl\":\"https:\\\/\\\/lignesdhorizon.info\\\/wp-content\\\/uploads\\\/2025\\\/05\\\/decentralisation.jpg\",\"width\":246,\"height\":148},{\"@type\":\"BreadcrumbList\",\"@id\":\"https:\\\/\\\/lignesdhorizon.info\\\/?p=6011#breadcrumb\",\"itemListElement\":[{\"@type\":\"ListItem\",\"position\":1,\"name\":\"Accueil\",\"item\":\"https:\\\/\\\/lignesdhorizon.info\\\/\"},{\"@type\":\"ListItem\",\"position\":2,\"name\":\"Pourquoi la d\u00e9centralisation au Cameroun ne prend pas son envol\"}]},{\"@type\":\"WebSite\",\"@id\":\"https:\\\/\\\/lignesdhorizon.info\\\/#website\",\"url\":\"https:\\\/\\\/lignesdhorizon.info\\\/\",\"name\":\"LIGNES D&#039;HORIZON\",\"description\":\"\",\"potentialAction\":[{\"@type\":\"SearchAction\",\"target\":{\"@type\":\"EntryPoint\",\"urlTemplate\":\"https:\\\/\\\/lignesdhorizon.info\\\/?s={search_term_string}\"},\"query-input\":{\"@type\":\"PropertyValueSpecification\",\"valueRequired\":true,\"valueName\":\"search_term_string\"}}],\"inLanguage\":\"fr-FR\"},{\"@type\":\"Person\",\"@id\":\"https:\\\/\\\/lignesdhorizon.info\\\/#\\\/schema\\\/person\\\/5a998e66920548ae47c4e55db5339381\",\"name\":\"admin\",\"image\":{\"@type\":\"ImageObject\",\"inLanguage\":\"fr-FR\",\"@id\":\"https:\\\/\\\/secure.gravatar.com\\\/avatar\\\/1ddf199815833a956e7d47991d2015c568cedf2c4ba545a07dfb53da23a34efe?s=96&d=mm&r=g\",\"url\":\"https:\\\/\\\/secure.gravatar.com\\\/avatar\\\/1ddf199815833a956e7d47991d2015c568cedf2c4ba545a07dfb53da23a34efe?s=96&d=mm&r=g\",\"contentUrl\":\"https:\\\/\\\/secure.gravatar.com\\\/avatar\\\/1ddf199815833a956e7d47991d2015c568cedf2c4ba545a07dfb53da23a34efe?s=96&d=mm&r=g\",\"caption\":\"admin\"},\"sameAs\":[\"https:\\\/\\\/lignesdhorizon.info\"],\"url\":\"https:\\\/\\\/lignesdhorizon.info\\\/?author=1\"}]}<\/script>\n<!-- \/ Yoast SEO plugin. -->","yoast_head_json":{"title":"Pourquoi la d\u00e9centralisation au Cameroun ne prend pas son envol - LIGNES D&#039;HORIZON","robots":{"index":"noindex","follow":"follow","max-snippet":"max-snippet:-1","max-image-preview":"max-image-preview:large","max-video-preview":"max-video-preview:-1"},"og_locale":"fr_FR","og_type":"article","og_title":"Pourquoi la d\u00e9centralisation au Cameroun ne prend pas son envol - LIGNES D&#039;HORIZON","og_description":"Analyse critique d\u2019un processus rest\u00e9 au stade des intentions Plus de dix ans apr\u00e8s la promulgation des lois sur la d\u00e9centralisation, le bilan est amer. Si les mairies et conseils r\u00e9gionaux ont vu leurs pouvoirs th\u00e9oriquement \u00e9largis, dans les faits, la majorit\u00e9 des d\u00e9cisions strat\u00e9giques et des fonds restent concentr\u00e9s \u00e0 Yaound\u00e9. Les maires se","og_url":"https:\/\/lignesdhorizon.info\/?p=6011","og_site_name":"LIGNES D&#039;HORIZON","article_published_time":"2025-05-28T06:01:55+00:00","article_modified_time":"2025-05-28T06:01:57+00:00","og_image":[{"width":246,"height":148,"url":"https:\/\/lignesdhorizon.info\/wp-content\/uploads\/2025\/05\/decentralisation.jpg","type":"image\/jpeg"}],"author":"admin","twitter_card":"summary_large_image","twitter_misc":{"\u00c9crit par":"admin","Dur\u00e9e de lecture estim\u00e9e":"1 minute"},"schema":{"@context":"https:\/\/schema.org","@graph":[{"@type":"Article","@id":"https:\/\/lignesdhorizon.info\/?p=6011#article","isPartOf":{"@id":"https:\/\/lignesdhorizon.info\/?p=6011"},"author":{"name":"admin","@id":"https:\/\/lignesdhorizon.info\/#\/schema\/person\/5a998e66920548ae47c4e55db5339381"},"headline":"Pourquoi la d\u00e9centralisation au Cameroun ne prend pas son envol","datePublished":"2025-05-28T06:01:55+00:00","dateModified":"2025-05-28T06:01:57+00:00","mainEntityOfPage":{"@id":"https:\/\/lignesdhorizon.info\/?p=6011"},"wordCount":157,"commentCount":0,"image":{"@id":"https:\/\/lignesdhorizon.info\/?p=6011#primaryimage"},"thumbnailUrl":"https:\/\/lignesdhorizon.info\/wp-content\/uploads\/2025\/05\/decentralisation.jpg","articleSection":["Notre avis"],"inLanguage":"fr-FR","potentialAction":[{"@type":"CommentAction","name":"Comment","target":["https:\/\/lignesdhorizon.info\/?p=6011#respond"]}]},{"@type":"WebPage","@id":"https:\/\/lignesdhorizon.info\/?p=6011","url":"https:\/\/lignesdhorizon.info\/?p=6011","name":"Pourquoi la d\u00e9centralisation au Cameroun ne prend pas son envol - LIGNES D&#039;HORIZON","isPartOf":{"@id":"https:\/\/lignesdhorizon.info\/#website"},"primaryImageOfPage":{"@id":"https:\/\/lignesdhorizon.info\/?p=6011#primaryimage"},"image":{"@id":"https:\/\/lignesdhorizon.info\/?p=6011#primaryimage"},"thumbnailUrl":"https:\/\/lignesdhorizon.info\/wp-content\/uploads\/2025\/05\/decentralisation.jpg","datePublished":"2025-05-28T06:01:55+00:00","dateModified":"2025-05-28T06:01:57+00:00","author":{"@id":"https:\/\/lignesdhorizon.info\/#\/schema\/person\/5a998e66920548ae47c4e55db5339381"},"breadcrumb":{"@id":"https:\/\/lignesdhorizon.info\/?p=6011#breadcrumb"},"inLanguage":"fr-FR","potentialAction":[{"@type":"ReadAction","target":["https:\/\/lignesdhorizon.info\/?p=6011"]}]},{"@type":"ImageObject","inLanguage":"fr-FR","@id":"https:\/\/lignesdhorizon.info\/?p=6011#primaryimage","url":"https:\/\/lignesdhorizon.info\/wp-content\/uploads\/2025\/05\/decentralisation.jpg","contentUrl":"https:\/\/lignesdhorizon.info\/wp-content\/uploads\/2025\/05\/decentralisation.jpg","width":246,"height":148},{"@type":"BreadcrumbList","@id":"https:\/\/lignesdhorizon.info\/?p=6011#breadcrumb","itemListElement":[{"@type":"ListItem","position":1,"name":"Accueil","item":"https:\/\/lignesdhorizon.info\/"},{"@type":"ListItem","position":2,"name":"Pourquoi la d\u00e9centralisation au Cameroun ne prend pas son envol"}]},{"@type":"WebSite","@id":"https:\/\/lignesdhorizon.info\/#website","url":"https:\/\/lignesdhorizon.info\/","name":"LIGNES D&#039;HORIZON","description":"","potentialAction":[{"@type":"SearchAction","target":{"@type":"EntryPoint","urlTemplate":"https:\/\/lignesdhorizon.info\/?s={search_term_string}"},"query-input":{"@type":"PropertyValueSpecification","valueRequired":true,"valueName":"search_term_string"}}],"inLanguage":"fr-FR"},{"@type":"Person","@id":"https:\/\/lignesdhorizon.info\/#\/schema\/person\/5a998e66920548ae47c4e55db5339381","name":"admin","image":{"@type":"ImageObject","inLanguage":"fr-FR","@id":"https:\/\/secure.gravatar.com\/avatar\/1ddf199815833a956e7d47991d2015c568cedf2c4ba545a07dfb53da23a34efe?s=96&d=mm&r=g","url":"https:\/\/secure.gravatar.com\/avatar\/1ddf199815833a956e7d47991d2015c568cedf2c4ba545a07dfb53da23a34efe?s=96&d=mm&r=g","contentUrl":"https:\/\/secure.gravatar.com\/avatar\/1ddf199815833a956e7d47991d2015c568cedf2c4ba545a07dfb53da23a34efe?s=96&d=mm&r=g","caption":"admin"},"sameAs":["https:\/\/lignesdhorizon.info"],"url":"https:\/\/lignesdhorizon.info\/?author=1"}]}},"_links":{"self":[{"href":"https:\/\/lignesdhorizon.info\/index.php?rest_route=\/wp\/v2\/posts\/6011","targetHints":{"allow":["GET"]}}],"collection":[{"href":"https:\/\/lignesdhorizon.info\/index.php?rest_route=\/wp\/v2\/posts"}],"about":[{"href":"https:\/\/lignesdhorizon.info\/index.php?rest_route=\/wp\/v2\/types\/post"}],"author":[{"embeddable":true,"href":"https:\/\/lignesdhorizon.info\/index.php?rest_route=\/wp\/v2\/users\/1"}],"replies":[{"embeddable":true,"href":"https:\/\/lignesdhorizon.info\/index.php?rest_route=%2Fwp%2Fv2%2Fcomments&post=6011"}],"version-history":[{"count":1,"href":"https:\/\/lignesdhorizon.info\/index.php?rest_route=\/wp\/v2\/posts\/6011\/revisions"}],"predecessor-version":[{"id":6013,"href":"https:\/\/lignesdhorizon.info\/index.php?rest_route=\/wp\/v2\/posts\/6011\/revisions\/6013"}],"wp:featuredmedia":[{"embeddable":true,"href":"https:\/\/lignesdhorizon.info\/index.php?rest_route=\/wp\/v2\/media\/6012"}],"wp:attachment":[{"href":"https:\/\/lignesdhorizon.info\/index.php?rest_route=%2Fwp%2Fv2%2Fmedia&parent=6011"}],"wp:term":[{"taxonomy":"category","embeddable":true,"href":"https:\/\/lignesdhorizon.info\/index.php?rest_route=%2Fwp%2Fv2%2Fcategories&post=6011"},{"taxonomy":"post_tag","embeddable":true,"href":"https:\/\/lignesdhorizon.info\/index.php?rest_route=%2Fwp%2Fv2%2Ftags&post=6011"}],"curies":[{"name":"wp","href":"https:\/\/api.w.org\/{rel}","templated":true}]}}